{"id":1371,"date":"2015-01-20T23:09:07","date_gmt":"2015-01-21T02:09:07","guid":{"rendered":"http:\/\/www.animafestival.com.ar\/2015\/?p=1371"},"modified":"2015-01-20T23:09:07","modified_gmt":"2015-01-21T02:09:07","slug":"inscribete-a-anima-tambien-con-movibeta","status":"publish","type":"post","link":"http:\/\/www.animafestival.com.ar\/2015\/2015\/01\/20\/inscribete-a-anima-tambien-con-movibeta\/","title":{"rendered":"\u00a1Inscr\u00edbete a ANIMA tambi\u00e9n con MOVIBETA!"},"content":{"rendered":"<p>Estamos muy contentos de anunciar que, a partir de ahora, tambi\u00e9n puedes inscribirte a <strong>ANIMA<\/strong> utilizando el servicio de <strong>MOVIBETA<\/strong>. \u00a1Esperamos que esto te signifique un proceso de inscripci\u00f3n m\u00e1s relajado!<\/p>\n<p>Si bien la inscripci\u00f3n a ANIMA es gratuita &#8211; como siempre &#8211; , Movibeta cobra una peque\u00f1a tasa de servicio. Si consideras que esto no es conveniente, no te preocupes: siempre puedes inscribir tus pel\u00edculas en forma gratuita a trav\u00e9s de nuestra Ficha de Inscripci\u00f3n online.<\/p>\n","protected":false},"excerpt":{"rendered":"<p>Estamos muy contentos de anunciar que, a partir de ahora, tambi\u00e9n puedes inscribirte a ANIMA utilizando el servicio de MOVIBETA. \u00a1Esperamos que esto te signifique un proceso de inscripci\u00f3n m\u00e1s [&hellip;]<\/p>\n","protected":false},"author":1,"featured_media":0,"comment_status":"closed","ping_status":"closed","sticky":false,"template":"","format":"standard","meta":{"footnotes":""},"categories":[27,73,30,65],"tags":[49,84,83,31,85],"class_list":["post-1371","post","type-post","status-publish","format-standard","hentry","category-anima","category-anima2015","category-convocatoria","category-festival","tag-competencia","tag-inscripcion","tag-movibeta","tag-peliculas","tag-videos"],"_links":{"self":[{"href":"http:\/\/www.animafestival.com.ar\/2015\/wp-json\/wp\/v2\/posts\/1371","targetHints":{"allow":["GET"]}}],"collection":[{"href":"http:\/\/www.animafestival.com.ar\/2015\/wp-json\/wp\/v2\/posts"}],"about":[{"href":"http:\/\/www.animafestival.com.ar\/2015\/wp-json\/wp\/v2\/types\/post"}],"author":[{"embeddable":true,"href":"http:\/\/www.animafestival.com.ar\/2015\/wp-json\/wp\/v2\/users\/1"}],"replies":[{"embeddable":true,"href":"http:\/\/www.animafestival.com.ar\/2015\/wp-json\/wp\/v2\/comments?post=1371"}],"version-history":[{"count":1,"href":"http:\/\/www.animafestival.com.ar\/2015\/wp-json\/wp\/v2\/posts\/1371\/revisions"}],"predecessor-version":[{"id":1372,"href":"http:\/\/www.animafestival.com.ar\/2015\/wp-json\/wp\/v2\/posts\/1371\/revisions\/1372"}],"wp:attachment":[{"href":"http:\/\/www.animafestival.com.ar\/2015\/wp-json\/wp\/v2\/media?parent=1371"}],"wp:term":[{"taxonomy":"category","embeddable":true,"href":"http:\/\/www.animafestival.com.ar\/2015\/wp-json\/wp\/v2\/categories?post=1371"},{"taxonomy":"post_tag","embeddable":true,"href":"http:\/\/www.animafestival.com.ar\/2015\/wp-json\/wp\/v2\/tags?post=1371"}],"curies":[{"name":"wp","href":"https:\/\/api.w.org\/{rel}","templated":true}]}}