{"id":1380,"date":"2015-03-10T15:50:57","date_gmt":"2015-03-10T18:50:57","guid":{"rendered":"http:\/\/www.animafestival.com.ar\/2015\/?p=1380"},"modified":"2015-03-10T15:50:57","modified_gmt":"2015-03-10T18:50:57","slug":"inscribe-tu-corto-a-traves-de-click-for-festivals","status":"publish","type":"post","link":"http:\/\/www.animafestival.com.ar\/2015\/2015\/03\/10\/inscribe-tu-corto-a-traves-de-click-for-festivals\/","title":{"rendered":"Inscribe tu corto a trav\u00e9s de Click for Festivals!"},"content":{"rendered":"<p>Estamos muy contentos de anunciar que, a partir de ahora, tambi\u00e9n puedes inscribirte a ANIMA utilizando el servicio de CLICK FOR FESTIVALS. \u00a1Esperamos que esto te signifique un proceso de inscripci\u00f3n m\u00e1s relajado!<\/p>\n<p>Si bien la inscripci\u00f3n a ANIMA es gratuita \u2013 como siempre \u2013 , Click for Festivals cobra una peque\u00f1a tasa de servicio. Si consideras que esto no es conveniente, no te preocupes: siempre puedes inscribir tus pel\u00edculas en forma gratuita a trav\u00e9s de nuestra Ficha de Inscripci\u00f3n online.<\/p>\n","protected":false},"excerpt":{"rendered":"<p>Estamos muy contentos de anunciar que, a partir de ahora, tambi\u00e9n puedes inscribirte a ANIMA utilizando el servicio de CLICK FOR FESTIVALS. \u00a1Esperamos que esto te signifique un proceso de [&hellip;]<\/p>\n","protected":false},"author":1,"featured_media":0,"comment_status":"closed","ping_status":"closed","sticky":false,"template":"","format":"standard","meta":{"footnotes":""},"categories":[73,30,65],"tags":[75,61,49,104,84],"class_list":["post-1380","post","type-post","status-publish","format-standard","hentry","category-anima2015","category-convocatoria","category-festival","tag-anima2015","tag-animacion","tag-competencia","tag-convocatoria","tag-inscripcion"],"_links":{"self":[{"href":"http:\/\/www.animafestival.com.ar\/2015\/wp-json\/wp\/v2\/posts\/1380","targetHints":{"allow":["GET"]}}],"collection":[{"href":"http:\/\/www.animafestival.com.ar\/2015\/wp-json\/wp\/v2\/posts"}],"about":[{"href":"http:\/\/www.animafestival.com.ar\/2015\/wp-json\/wp\/v2\/types\/post"}],"author":[{"embeddable":true,"href":"http:\/\/www.animafestival.com.ar\/2015\/wp-json\/wp\/v2\/users\/1"}],"replies":[{"embeddable":true,"href":"http:\/\/www.animafestival.com.ar\/2015\/wp-json\/wp\/v2\/comments?post=1380"}],"version-history":[{"count":1,"href":"http:\/\/www.animafestival.com.ar\/2015\/wp-json\/wp\/v2\/posts\/1380\/revisions"}],"predecessor-version":[{"id":1381,"href":"http:\/\/www.animafestival.com.ar\/2015\/wp-json\/wp\/v2\/posts\/1380\/revisions\/1381"}],"wp:attachment":[{"href":"http:\/\/www.animafestival.com.ar\/2015\/wp-json\/wp\/v2\/media?parent=1380"}],"wp:term":[{"taxonomy":"category","embeddable":true,"href":"http:\/\/www.animafestival.com.ar\/2015\/wp-json\/wp\/v2\/categories?post=1380"},{"taxonomy":"post_tag","embeddable":true,"href":"http:\/\/www.animafestival.com.ar\/2015\/wp-json\/wp\/v2\/tags?post=1380"}],"curies":[{"name":"wp","href":"https:\/\/api.w.org\/{rel}","templated":true}]}}