{"id":659,"date":"2013-06-13T23:22:38","date_gmt":"2013-06-14T02:22:38","guid":{"rendered":"http:\/\/www.animafestival.com.ar\/?p=659"},"modified":"2013-06-13T23:22:38","modified_gmt":"2013-06-14T02:22:38","slug":"ultima-prorroga","status":"publish","type":"post","link":"http:\/\/www.animafestival.com.ar\/2015\/2013\/06\/13\/ultima-prorroga\/","title":{"rendered":"\u00a1\u00daltima pr\u00f3rroga!"},"content":{"rendered":"<div>\n<h2><span style=\"color: #993366\"><strong>Convocatoria ANIMA2013<\/strong><\/span><\/h2>\n<h2><span style=\"color: #993366\"><strong>y III Foro Acad\u00e9mico Internacional sobre Animaci\u00f3n<\/strong><\/span><\/h2>\n<\/div>\n<h1>\u00daltima pr\u00f3rroga: <span style=\"color: #993366\"><strong>30 de Junio de 2013<\/strong><\/span><\/h1>\n","protected":false},"excerpt":{"rendered":"<p>Convocatoria ANIMA2013 y III Foro Acad\u00e9mico Internacional sobre Animaci\u00f3n \u00daltima pr\u00f3rroga: 30 de Junio de 2013<\/p>\n","protected":false},"author":1,"featured_media":0,"comment_status":"open","ping_status":"closed","sticky":false,"template":"","format":"standard","meta":{"footnotes":""},"categories":[27,45,30,46],"tags":[104,47,48],"class_list":["post-659","post","type-post","status-publish","format-standard","hentry","category-anima","category-anima2013","category-convocatoria","category-cronograma","tag-convocatoria","tag-convocatoria-a-ponencias","tag-convocatoria-a-posters"],"_links":{"self":[{"href":"http:\/\/www.animafestival.com.ar\/2015\/wp-json\/wp\/v2\/posts\/659","targetHints":{"allow":["GET"]}}],"collection":[{"href":"http:\/\/www.animafestival.com.ar\/2015\/wp-json\/wp\/v2\/posts"}],"about":[{"href":"http:\/\/www.animafestival.com.ar\/2015\/wp-json\/wp\/v2\/types\/post"}],"author":[{"embeddable":true,"href":"http:\/\/www.animafestival.com.ar\/2015\/wp-json\/wp\/v2\/users\/1"}],"replies":[{"embeddable":true,"href":"http:\/\/www.animafestival.com.ar\/2015\/wp-json\/wp\/v2\/comments?post=659"}],"version-history":[{"count":0,"href":"http:\/\/www.animafestival.com.ar\/2015\/wp-json\/wp\/v2\/posts\/659\/revisions"}],"wp:attachment":[{"href":"http:\/\/www.animafestival.com.ar\/2015\/wp-json\/wp\/v2\/media?parent=659"}],"wp:term":[{"taxonomy":"category","embeddable":true,"href":"http:\/\/www.animafestival.com.ar\/2015\/wp-json\/wp\/v2\/categories?post=659"},{"taxonomy":"post_tag","embeddable":true,"href":"http:\/\/www.animafestival.com.ar\/2015\/wp-json\/wp\/v2\/tags?post=659"}],"curies":[{"name":"wp","href":"https:\/\/api.w.org\/{rel}","templated":true}]}}