{"id":3728,"date":"2024-10-10T17:39:13","date_gmt":"2024-10-10T20:39:13","guid":{"rendered":"https:\/\/www.animafestival.com.ar\/current\/?p=3728"},"modified":"2024-10-10T17:39:57","modified_gmt":"2024-10-10T20:39:57","slug":"conversatorio-de-animadorxs-cordobesxs","status":"publish","type":"post","link":"https:\/\/www.animafestival.com.ar\/current\/2024\/10\/10\/conversatorio-de-animadorxs-cordobesxs\/","title":{"rendered":"Conversatorio de Animadorxs C\u00f3rdobesxs"},"content":{"rendered":"\n<figure class=\"wp-block-image size-large is-resized\"><img fetchpriority=\"high\" decoding=\"async\" width=\"546\" height=\"540\" src=\"https:\/\/www.animafestival.com.ar\/current\/files\/2024\/10\/Conversatorio_Mesa-de-trabajo-1-copia-3-546x540.jpg\" alt=\"\" class=\"wp-image-3729\" style=\"width:840px;height:auto\" srcset=\"https:\/\/www.animafestival.com.ar\/current\/files\/2024\/10\/Conversatorio_Mesa-de-trabajo-1-copia-3-546x540.jpg 546w, https:\/\/www.animafestival.com.ar\/current\/files\/2024\/10\/Conversatorio_Mesa-de-trabajo-1-copia-3-152x150.jpg 152w, https:\/\/www.animafestival.com.ar\/current\/files\/2024\/10\/Conversatorio_Mesa-de-trabajo-1-copia-3-76x75.jpg 76w, https:\/\/www.animafestival.com.ar\/current\/files\/2024\/10\/Conversatorio_Mesa-de-trabajo-1-copia-3-768x760.jpg 768w, https:\/\/www.animafestival.com.ar\/current\/files\/2024\/10\/Conversatorio_Mesa-de-trabajo-1-copia-3-1536x1519.jpg 1536w, https:\/\/www.animafestival.com.ar\/current\/files\/2024\/10\/Conversatorio_Mesa-de-trabajo-1-copia-3-2048x2025.jpg 2048w, https:\/\/www.animafestival.com.ar\/current\/files\/2024\/10\/Conversatorio_Mesa-de-trabajo-1-copia-3-100x100.jpg 100w\" sizes=\"(max-width: 546px) 100vw, 546px\" \/><\/figure>\n\n\n\n<p><strong>ANIMA 2024:<\/strong> Un festival que conecta la animaci\u00f3n con la educaci\u00f3n y el sector productivo. Fomentamos el di\u00e1logo entre animadores, acad\u00e9micos, instituciones y estudiantes, impulsando la colaboraci\u00f3n y el desarrollo de nuevas oportunidades creativas.<\/p>\n\n\n\n<p>Moderador: <strong>Luis Paredes<\/strong><br>Coordinadora: <strong>Sof\u00eda Badano<\/strong><\/p>\n\n\n\n<p>Bios de Invitados:<br><br><strong>Patricia Gualpa:<\/strong> Lic. en Cine y TV (UNC). Coordinadora de APA LAB y RIA, ha participado en la producci\u00f3n de series, cortos y videojuegos, explorando la animaci\u00f3n y nuevas tecnolog\u00edas.<br><strong>Rosario Carlino:<\/strong> Guionista, directora y productora. Fundadora de OSA Estudio, produce proyectos sobre infancia, diversidad y pol\u00edtica.<br><em>Mar\u00eda Eugenia Fiorenza:<\/em> Docente y animadora, especialista en motion graphics y dise\u00f1o gr\u00e1fico. Colabora en el equipo de investigaci\u00f3n de animaci\u00f3n argentina y latinoamericana.<br>Carmen del Rosario Garz\u00f3n: Cofundadora del CEAn y APA. Directora y dise\u00f1adora de arte en OSA Estudio.<br><strong>Martin Eschoyez: <\/strong>Animador y docente, promotor del software libre y expositor en eventos internacionales como TEDx y la Blender Foundation.<\/p>\n\n\n\n<p>______________________________<\/p>\n\n\n\n<p><em><strong>ANIMA 2024<\/strong>: A festival that connects animation with education and productive sectors. We promote dialogue between animators, academics, institutions, and students to foster collaboration and creative opportunities.<\/em><\/p>\n\n\n\n<p><em>Moderator: <strong>Luis Paredes<\/strong><br>Coordinator: <strong>Sof\u00eda Badano<\/strong><\/em><\/p>\n\n\n\n<p><em>Bios of Guests:<\/em><br><em><br><strong>Patricia Gualpa<\/strong>: BA in Film and TV (UNC). Coordinator of APA LAB and RIA, involved in series, shorts, and video games, exploring animation and new technologies.<br><strong>Rosario Carlino<\/strong>: Writer, director, and producer. Founder of OSA Studio, producing projects on childhood, diversity, and politics.<br><strong>Mar\u00eda Eugenia Fiorenza:<\/strong> Teacher and animator, specialist in motion graphics and graphic design. Collaborator in Argentine and Latin American animation research.<br> <strong>Carmen del Rosario Garz\u00f3n:<\/strong> Cofounder of CEAn and APA. Director and art designer at OSA Studio.<br><strong>Martin Eschoyez:<\/strong> Animator and teacher, promoter of free software, and speaker at international events like TEDx and Blender Foundation.<\/em><\/p>\n\n\n\n<p><\/p>\n","protected":false},"excerpt":{"rendered":"<p>ANIMA 2024: Un festival que conecta la animaci\u00f3n con la educaci\u00f3n y el sector productivo. Fomentamos el di\u00e1logo entre animadores, acad\u00e9micos, instituciones y estudiantes, impulsando la colaboraci\u00f3n y el desarrollo de nuevas oportunidades creativas. Moderador: Luis ParedesCoordinadora: Sof\u00eda Badano Bios de Invitados: Patricia Gualpa: Lic. en Cine y TV (UNC). Coordinadora de APA LAB y [&hellip;]<\/p>\n","protected":false},"author":18,"featured_media":3730,"comment_status":"closed","ping_status":"closed","sticky":false,"template":"","format":"standard","meta":{"footnotes":""},"categories":[1],"tags":[136,72,13,34],"class_list":["post-3728","post","type-post","status-publish","format-standard","has-post-thumbnail","hentry","category-sin-categoria","tag-anima2024","tag-animacion","tag-extension","tag-programacion"],"_links":{"self":[{"href":"https:\/\/www.animafestival.com.ar\/current\/wp-json\/wp\/v2\/posts\/3728","targetHints":{"allow":["GET"]}}],"collection":[{"href":"https:\/\/www.animafestival.com.ar\/current\/wp-json\/wp\/v2\/posts"}],"about":[{"href":"https:\/\/www.animafestival.com.ar\/current\/wp-json\/wp\/v2\/types\/post"}],"author":[{"embeddable":true,"href":"https:\/\/www.animafestival.com.ar\/current\/wp-json\/wp\/v2\/users\/18"}],"replies":[{"embeddable":true,"href":"https:\/\/www.animafestival.com.ar\/current\/wp-json\/wp\/v2\/comments?post=3728"}],"version-history":[{"count":2,"href":"https:\/\/www.animafestival.com.ar\/current\/wp-json\/wp\/v2\/posts\/3728\/revisions"}],"predecessor-version":[{"id":3732,"href":"https:\/\/www.animafestival.com.ar\/current\/wp-json\/wp\/v2\/posts\/3728\/revisions\/3732"}],"wp:featuredmedia":[{"embeddable":true,"href":"https:\/\/www.animafestival.com.ar\/current\/wp-json\/wp\/v2\/media\/3730"}],"wp:attachment":[{"href":"https:\/\/www.animafestival.com.ar\/current\/wp-json\/wp\/v2\/media?parent=3728"}],"wp:term":[{"taxonomy":"category","embeddable":true,"href":"https:\/\/www.animafestival.com.ar\/current\/wp-json\/wp\/v2\/categories?post=3728"},{"taxonomy":"post_tag","embeddable":true,"href":"https:\/\/www.animafestival.com.ar\/current\/wp-json\/wp\/v2\/tags?post=3728"}],"curies":[{"name":"wp","href":"https:\/\/api.w.org\/{rel}","templated":true}]}}