{"id":3733,"date":"2024-10-10T18:02:43","date_gmt":"2024-10-10T21:02:43","guid":{"rendered":"https:\/\/www.animafestival.com.ar\/current\/?p=3733"},"modified":"2024-10-10T19:51:27","modified_gmt":"2024-10-10T22:51:27","slug":"segunda-circular","status":"publish","type":"post","link":"https:\/\/www.animafestival.com.ar\/current\/2024\/10\/10\/segunda-circular\/","title":{"rendered":"\u00a1Segunda Circular!"},"content":{"rendered":"\n<figure class=\"wp-block-image size-large\"><img fetchpriority=\"high\" decoding=\"async\" width=\"540\" height=\"540\" src=\"https:\/\/www.animafestival.com.ar\/current\/files\/2024\/10\/Encuentro-Escuelas_4-540x540.png\" alt=\"\" class=\"wp-image-3740\" srcset=\"https:\/\/www.animafestival.com.ar\/current\/files\/2024\/10\/Encuentro-Escuelas_4-540x540.png 540w, https:\/\/www.animafestival.com.ar\/current\/files\/2024\/10\/Encuentro-Escuelas_4-150x150.png 150w, https:\/\/www.animafestival.com.ar\/current\/files\/2024\/10\/Encuentro-Escuelas_4-75x75.png 75w, https:\/\/www.animafestival.com.ar\/current\/files\/2024\/10\/Encuentro-Escuelas_4-768x768.png 768w, https:\/\/www.animafestival.com.ar\/current\/files\/2024\/10\/Encuentro-Escuelas_4-400x400.png 400w, https:\/\/www.animafestival.com.ar\/current\/files\/2024\/10\/Encuentro-Escuelas_4-100x100.png 100w, https:\/\/www.animafestival.com.ar\/current\/files\/2024\/10\/Encuentro-Escuelas_4.png 1080w\" sizes=\"(max-width: 540px) 100vw, 540px\" \/><\/figure>\n\n\n\n<p>Compartiremos el programa acad\u00e9mico del <em>Encuentro Latinoamericano de Escuelas de Animaci\u00f3n<\/em>. Es un placer para nosotros contar con la participaci\u00f3n de docentes &#8211; animadores de Am\u00e9rica del Sur y Centroam\u00e9rica. Estamos convencidos que los di\u00e1logos que generemos en este espacio nos permitir\u00e1n avanzar en la comprensi\u00f3n de nuestras realidades poniendo en com\u00fan lo que nos une y lo que nos diferencia, para nutrir de esta manera las experiencias formativas de nuestros estudiantes.<br><br>Para ver en detalle el programa. <a href=\"https:\/\/docs.google.com\/document\/d\/e\/2PACX-1vSODGN-1B6GOTB8wrNei8SBE_LmmGvuuuGBVfbvM2cVBDWKfyThpaUUTzOLXouS71VUmzTZDxLRYYYZ\/pub?embedded=true\" data-type=\"link\" data-id=\"https:\/\/docs.google.com\/document\/d\/e\/2PACX-1vSODGN-1B6GOTB8wrNei8SBE_LmmGvuuuGBVfbvM2cVBDWKfyThpaUUTzOLXouS71VUmzTZDxLRYYYZ\/pub?embedded=true\">\u00a1Ingresa aqu\u00ed!<\/a><\/p>\n\n\n\n<figure class=\"wp-block-gallery has-nested-images columns-default is-cropped wp-block-gallery-1 is-layout-flex wp-block-gallery-is-layout-flex\">\n<figure class=\"wp-block-image size-large\"><img decoding=\"async\" width=\"540\" height=\"540\" data-id=\"3741\" src=\"https:\/\/www.animafestival.com.ar\/current\/files\/2024\/10\/Encuentro-Escuelas_2-540x540.png\" alt=\"\" class=\"wp-image-3741\" srcset=\"https:\/\/www.animafestival.com.ar\/current\/files\/2024\/10\/Encuentro-Escuelas_2-540x540.png 540w, https:\/\/www.animafestival.com.ar\/current\/files\/2024\/10\/Encuentro-Escuelas_2-150x150.png 150w, https:\/\/www.animafestival.com.ar\/current\/files\/2024\/10\/Encuentro-Escuelas_2-75x75.png 75w, https:\/\/www.animafestival.com.ar\/current\/files\/2024\/10\/Encuentro-Escuelas_2-768x768.png 768w, https:\/\/www.animafestival.com.ar\/current\/files\/2024\/10\/Encuentro-Escuelas_2-400x400.png 400w, https:\/\/www.animafestival.com.ar\/current\/files\/2024\/10\/Encuentro-Escuelas_2-100x100.png 100w, https:\/\/www.animafestival.com.ar\/current\/files\/2024\/10\/Encuentro-Escuelas_2.png 1080w\" sizes=\"(max-width: 540px) 100vw, 540px\" \/><\/figure>\n\n\n\n<figure class=\"wp-block-image size-large\"><img decoding=\"async\" width=\"540\" height=\"540\" data-id=\"3742\" src=\"https:\/\/www.animafestival.com.ar\/current\/files\/2024\/10\/Encuentro-Escuelas_3-540x540.png\" alt=\"\" class=\"wp-image-3742\" srcset=\"https:\/\/www.animafestival.com.ar\/current\/files\/2024\/10\/Encuentro-Escuelas_3-540x540.png 540w, https:\/\/www.animafestival.com.ar\/current\/files\/2024\/10\/Encuentro-Escuelas_3-150x150.png 150w, https:\/\/www.animafestival.com.ar\/current\/files\/2024\/10\/Encuentro-Escuelas_3-75x75.png 75w, https:\/\/www.animafestival.com.ar\/current\/files\/2024\/10\/Encuentro-Escuelas_3-768x768.png 768w, https:\/\/www.animafestival.com.ar\/current\/files\/2024\/10\/Encuentro-Escuelas_3-400x400.png 400w, https:\/\/www.animafestival.com.ar\/current\/files\/2024\/10\/Encuentro-Escuelas_3-100x100.png 100w, https:\/\/www.animafestival.com.ar\/current\/files\/2024\/10\/Encuentro-Escuelas_3.png 1080w\" sizes=\"(max-width: 540px) 100vw, 540px\" \/><\/figure>\n<\/figure>\n\n\n\n<p><\/p>\n\n\n\n<p><\/p>\n\n\n<div class=\"wp-block-image\">\n<figure class=\"aligncenter size-large is-resized\"><img loading=\"lazy\" decoding=\"async\" width=\"704\" height=\"540\" src=\"https:\/\/www.animafestival.com.ar\/current\/files\/2024\/10\/image-4-704x540.png\" alt=\"\" class=\"wp-image-3743\" style=\"width:405px;height:auto\" srcset=\"https:\/\/www.animafestival.com.ar\/current\/files\/2024\/10\/image-4-704x540.png 704w, https:\/\/www.animafestival.com.ar\/current\/files\/2024\/10\/image-4-195x150.png 195w, https:\/\/www.animafestival.com.ar\/current\/files\/2024\/10\/image-4-98x75.png 98w, https:\/\/www.animafestival.com.ar\/current\/files\/2024\/10\/image-4-768x589.png 768w, https:\/\/www.animafestival.com.ar\/current\/files\/2024\/10\/image-4.png 916w\" sizes=\"(max-width: 704px) 100vw, 704px\" \/><\/figure><\/div>\n\n\n<p><\/p>\n","protected":false},"excerpt":{"rendered":"<p>Compartiremos el programa acad\u00e9mico del Encuentro Latinoamericano de Escuelas de Animaci\u00f3n. Es un placer para nosotros contar con la participaci\u00f3n de docentes &#8211; animadores de Am\u00e9rica del Sur y Centroam\u00e9rica. Estamos convencidos que los di\u00e1logos que generemos en este espacio nos permitir\u00e1n avanzar en la comprensi\u00f3n de nuestras realidades poniendo en com\u00fan lo que nos [&hellip;]<\/p>\n","protected":false},"author":18,"featured_media":3739,"comment_status":"closed","ping_status":"closed","sticky":false,"template":"","format":"standard","meta":{"footnotes":""},"categories":[1],"tags":[48,128,136,18,35],"class_list":["post-3733","post","type-post","status-publish","format-standard","has-post-thumbnail","hentry","category-sin-categoria","tag-actividades","tag-anima2023","tag-anima2024","tag-catalogo","tag-programa"],"_links":{"self":[{"href":"https:\/\/www.animafestival.com.ar\/current\/wp-json\/wp\/v2\/posts\/3733","targetHints":{"allow":["GET"]}}],"collection":[{"href":"https:\/\/www.animafestival.com.ar\/current\/wp-json\/wp\/v2\/posts"}],"about":[{"href":"https:\/\/www.animafestival.com.ar\/current\/wp-json\/wp\/v2\/types\/post"}],"author":[{"embeddable":true,"href":"https:\/\/www.animafestival.com.ar\/current\/wp-json\/wp\/v2\/users\/18"}],"replies":[{"embeddable":true,"href":"https:\/\/www.animafestival.com.ar\/current\/wp-json\/wp\/v2\/comments?post=3733"}],"version-history":[{"count":7,"href":"https:\/\/www.animafestival.com.ar\/current\/wp-json\/wp\/v2\/posts\/3733\/revisions"}],"predecessor-version":[{"id":3778,"href":"https:\/\/www.animafestival.com.ar\/current\/wp-json\/wp\/v2\/posts\/3733\/revisions\/3778"}],"wp:featuredmedia":[{"embeddable":true,"href":"https:\/\/www.animafestival.com.ar\/current\/wp-json\/wp\/v2\/media\/3739"}],"wp:attachment":[{"href":"https:\/\/www.animafestival.com.ar\/current\/wp-json\/wp\/v2\/media?parent=3733"}],"wp:term":[{"taxonomy":"category","embeddable":true,"href":"https:\/\/www.animafestival.com.ar\/current\/wp-json\/wp\/v2\/categories?post=3733"},{"taxonomy":"post_tag","embeddable":true,"href":"https:\/\/www.animafestival.com.ar\/current\/wp-json\/wp\/v2\/tags?post=3733"}],"curies":[{"name":"wp","href":"https:\/\/api.w.org\/{rel}","templated":true}]}}