{"id":3749,"date":"2024-10-10T19:34:16","date_gmt":"2024-10-10T22:34:16","guid":{"rendered":"https:\/\/www.animafestival.com.ar\/current\/?p=3749"},"modified":"2024-10-10T19:34:16","modified_gmt":"2024-10-10T22:34:16","slug":"muestras","status":"publish","type":"post","link":"https:\/\/www.animafestival.com.ar\/current\/2024\/10\/10\/muestras\/","title":{"rendered":"\u00a1Muestras!"},"content":{"rendered":"\n<p><strong>Muestra ambiental<br><\/strong><em>Environmental showcase<\/em><br><br>ANIMA realiza una retrospectiva de animaciones argentinas que abordan, desde m\u00faltiples propuestas est\u00e9ticas y narrativas, una mirada cr\u00edtica y sensible sobre el ambiente, las memorias y los imaginarios de nuestros territorios.<\/p>\n\n\n\n<p>Estos cortometrajes se destacan por poner en relieve las identidades regionales, por contar historias que nos advierten sobre problemas que afectan al estado actual y al devenir de nuestros entornos naturales, y por encarnar procesos y construcciones colectivas que vinculan la pr\u00e1ctica y producci\u00f3n art\u00edstica animada en el seno de una comunidad. Son experiencias que proponen revisar nuestra forma de vida, nuestro v\u00ednculo con otros seres y c\u00f3mo nuestras pr\u00e1cticas impactan en el medioambiente.<\/p>\n\n\n\n<p>Recorremos obras que exploran la materialidad para promover la memoria biocultural de los territorios, que ponen en cuadro narrativas ficcionales en torno a la advertencia de peligros latentes y construyen otros imaginarios posibles. De este modo, nos proponemos pensar el potencial de la animaci\u00f3n como espacio para la imaginaci\u00f3n capaz de interpelar y reformular los modos en que habitamos, de un modo m\u00e1s sostenible y sustentable, nuestra tierra.<br><br>&#8211; <strong>Curatitoli Constanza<\/strong><\/p>\n\n\n\n<figure class=\"wp-block-image size-large\"><img fetchpriority=\"high\" decoding=\"async\" width=\"377\" height=\"540\" src=\"https:\/\/www.animafestival.com.ar\/current\/files\/2024\/10\/Programa-Ambiental-377x540.jpg\" alt=\"\" class=\"wp-image-3752\" srcset=\"https:\/\/www.animafestival.com.ar\/current\/files\/2024\/10\/Programa-Ambiental-377x540.jpg 377w, https:\/\/www.animafestival.com.ar\/current\/files\/2024\/10\/Programa-Ambiental-105x150.jpg 105w, https:\/\/www.animafestival.com.ar\/current\/files\/2024\/10\/Programa-Ambiental-52x75.jpg 52w, https:\/\/www.animafestival.com.ar\/current\/files\/2024\/10\/Programa-Ambiental-768x1100.jpg 768w, https:\/\/www.animafestival.com.ar\/current\/files\/2024\/10\/Programa-Ambiental-1072x1536.jpg 1072w, https:\/\/www.animafestival.com.ar\/current\/files\/2024\/10\/Programa-Ambiental.jpg 1300w\" sizes=\"(max-width: 377px) 100vw, 377px\" \/><\/figure>\n\n\n\n<figure class=\"wp-block-gallery has-nested-images columns-default is-cropped wp-block-gallery-1 is-layout-flex wp-block-gallery-is-layout-flex\">\n<figure class=\"wp-block-image size-large\"><img decoding=\"async\" width=\"540\" height=\"540\" data-id=\"3769\" src=\"https:\/\/www.animafestival.com.ar\/current\/files\/2024\/10\/Muestra-amb_A-03-540x540.jpg\" alt=\"\" class=\"wp-image-3769\" srcset=\"https:\/\/www.animafestival.com.ar\/current\/files\/2024\/10\/Muestra-amb_A-03-540x540.jpg 540w, https:\/\/www.animafestival.com.ar\/current\/files\/2024\/10\/Muestra-amb_A-03-150x150.jpg 150w, https:\/\/www.animafestival.com.ar\/current\/files\/2024\/10\/Muestra-amb_A-03-75x75.jpg 75w, https:\/\/www.animafestival.com.ar\/current\/files\/2024\/10\/Muestra-amb_A-03-768x768.jpg 768w, https:\/\/www.animafestival.com.ar\/current\/files\/2024\/10\/Muestra-amb_A-03-400x400.jpg 400w, https:\/\/www.animafestival.com.ar\/current\/files\/2024\/10\/Muestra-amb_A-03-100x100.jpg 100w, https:\/\/www.animafestival.com.ar\/current\/files\/2024\/10\/Muestra-amb_A-03.jpg 1080w\" sizes=\"(max-width: 540px) 100vw, 540px\" \/><\/figure>\n\n\n\n<figure class=\"wp-block-image size-large\"><img decoding=\"async\" width=\"540\" height=\"540\" data-id=\"3767\" src=\"https:\/\/www.animafestival.com.ar\/current\/files\/2024\/10\/Muestra-amb_A-01-540x540.jpg\" alt=\"\" class=\"wp-image-3767\" srcset=\"https:\/\/www.animafestival.com.ar\/current\/files\/2024\/10\/Muestra-amb_A-01-540x540.jpg 540w, https:\/\/www.animafestival.com.ar\/current\/files\/2024\/10\/Muestra-amb_A-01-150x150.jpg 150w, https:\/\/www.animafestival.com.ar\/current\/files\/2024\/10\/Muestra-amb_A-01-75x75.jpg 75w, https:\/\/www.animafestival.com.ar\/current\/files\/2024\/10\/Muestra-amb_A-01-768x768.jpg 768w, https:\/\/www.animafestival.com.ar\/current\/files\/2024\/10\/Muestra-amb_A-01-400x400.jpg 400w, https:\/\/www.animafestival.com.ar\/current\/files\/2024\/10\/Muestra-amb_A-01-100x100.jpg 100w, https:\/\/www.animafestival.com.ar\/current\/files\/2024\/10\/Muestra-amb_A-01.jpg 1080w\" sizes=\"(max-width: 540px) 100vw, 540px\" \/><\/figure>\n\n\n\n<figure class=\"wp-block-image size-large\"><img loading=\"lazy\" decoding=\"async\" width=\"540\" height=\"540\" data-id=\"3768\" src=\"https:\/\/www.animafestival.com.ar\/current\/files\/2024\/10\/Muestra-amb_A-02-540x540.jpg\" alt=\"\" class=\"wp-image-3768\" srcset=\"https:\/\/www.animafestival.com.ar\/current\/files\/2024\/10\/Muestra-amb_A-02-540x540.jpg 540w, https:\/\/www.animafestival.com.ar\/current\/files\/2024\/10\/Muestra-amb_A-02-150x150.jpg 150w, https:\/\/www.animafestival.com.ar\/current\/files\/2024\/10\/Muestra-amb_A-02-75x75.jpg 75w, https:\/\/www.animafestival.com.ar\/current\/files\/2024\/10\/Muestra-amb_A-02-768x768.jpg 768w, https:\/\/www.animafestival.com.ar\/current\/files\/2024\/10\/Muestra-amb_A-02-400x400.jpg 400w, https:\/\/www.animafestival.com.ar\/current\/files\/2024\/10\/Muestra-amb_A-02-100x100.jpg 100w, https:\/\/www.animafestival.com.ar\/current\/files\/2024\/10\/Muestra-amb_A-02.jpg 1080w\" sizes=\"(max-width: 540px) 100vw, 540px\" \/><\/figure>\n<\/figure>\n\n\n\n<figure class=\"wp-block-gallery has-nested-images columns-default is-cropped wp-block-gallery-2 is-layout-flex wp-block-gallery-is-layout-flex\">\n<figure class=\"wp-block-image size-large\"><img loading=\"lazy\" decoding=\"async\" width=\"540\" height=\"540\" data-id=\"3772\" src=\"https:\/\/www.animafestival.com.ar\/current\/files\/2024\/10\/Muestra-amb_A-07-540x540.jpg\" alt=\"\" class=\"wp-image-3772\" srcset=\"https:\/\/www.animafestival.com.ar\/current\/files\/2024\/10\/Muestra-amb_A-07-540x540.jpg 540w, https:\/\/www.animafestival.com.ar\/current\/files\/2024\/10\/Muestra-amb_A-07-150x150.jpg 150w, https:\/\/www.animafestival.com.ar\/current\/files\/2024\/10\/Muestra-amb_A-07-75x75.jpg 75w, https:\/\/www.animafestival.com.ar\/current\/files\/2024\/10\/Muestra-amb_A-07-768x768.jpg 768w, https:\/\/www.animafestival.com.ar\/current\/files\/2024\/10\/Muestra-amb_A-07-400x400.jpg 400w, https:\/\/www.animafestival.com.ar\/current\/files\/2024\/10\/Muestra-amb_A-07-100x100.jpg 100w, https:\/\/www.animafestival.com.ar\/current\/files\/2024\/10\/Muestra-amb_A-07.jpg 1080w\" sizes=\"(max-width: 540px) 100vw, 540px\" \/><\/figure>\n\n\n\n<figure class=\"wp-block-image size-large\"><img loading=\"lazy\" decoding=\"async\" width=\"540\" height=\"540\" data-id=\"3771\" src=\"https:\/\/www.animafestival.com.ar\/current\/files\/2024\/10\/Muestra-amb_A-04-540x540.jpg\" alt=\"\" class=\"wp-image-3771\" srcset=\"https:\/\/www.animafestival.com.ar\/current\/files\/2024\/10\/Muestra-amb_A-04-540x540.jpg 540w, https:\/\/www.animafestival.com.ar\/current\/files\/2024\/10\/Muestra-amb_A-04-150x150.jpg 150w, https:\/\/www.animafestival.com.ar\/current\/files\/2024\/10\/Muestra-amb_A-04-75x75.jpg 75w, https:\/\/www.animafestival.com.ar\/current\/files\/2024\/10\/Muestra-amb_A-04-768x768.jpg 768w, https:\/\/www.animafestival.com.ar\/current\/files\/2024\/10\/Muestra-amb_A-04-400x400.jpg 400w, https:\/\/www.animafestival.com.ar\/current\/files\/2024\/10\/Muestra-amb_A-04-100x100.jpg 100w, https:\/\/www.animafestival.com.ar\/current\/files\/2024\/10\/Muestra-amb_A-04.jpg 1080w\" sizes=\"(max-width: 540px) 100vw, 540px\" \/><\/figure>\n\n\n\n<figure class=\"wp-block-image size-large\"><img loading=\"lazy\" decoding=\"async\" width=\"540\" height=\"540\" data-id=\"3773\" src=\"https:\/\/www.animafestival.com.ar\/current\/files\/2024\/10\/Muestra-amb_A-05-540x540.jpg\" alt=\"\" class=\"wp-image-3773\" srcset=\"https:\/\/www.animafestival.com.ar\/current\/files\/2024\/10\/Muestra-amb_A-05-540x540.jpg 540w, https:\/\/www.animafestival.com.ar\/current\/files\/2024\/10\/Muestra-amb_A-05-150x150.jpg 150w, https:\/\/www.animafestival.com.ar\/current\/files\/2024\/10\/Muestra-amb_A-05-75x75.jpg 75w, https:\/\/www.animafestival.com.ar\/current\/files\/2024\/10\/Muestra-amb_A-05-768x768.jpg 768w, https:\/\/www.animafestival.com.ar\/current\/files\/2024\/10\/Muestra-amb_A-05-400x400.jpg 400w, https:\/\/www.animafestival.com.ar\/current\/files\/2024\/10\/Muestra-amb_A-05-100x100.jpg 100w, https:\/\/www.animafestival.com.ar\/current\/files\/2024\/10\/Muestra-amb_A-05.jpg 1080w\" sizes=\"(max-width: 540px) 100vw, 540px\" \/><\/figure>\n<\/figure>\n\n\n\n<figure class=\"wp-block-image size-large is-resized\"><img loading=\"lazy\" decoding=\"async\" width=\"540\" height=\"540\" src=\"https:\/\/www.animafestival.com.ar\/current\/files\/2024\/10\/Muestra-amb_A-06-1-540x540.jpg\" alt=\"\" class=\"wp-image-3774\" style=\"width:261px;height:auto\" srcset=\"https:\/\/www.animafestival.com.ar\/current\/files\/2024\/10\/Muestra-amb_A-06-1-540x540.jpg 540w, https:\/\/www.animafestival.com.ar\/current\/files\/2024\/10\/Muestra-amb_A-06-1-150x150.jpg 150w, https:\/\/www.animafestival.com.ar\/current\/files\/2024\/10\/Muestra-amb_A-06-1-75x75.jpg 75w, https:\/\/www.animafestival.com.ar\/current\/files\/2024\/10\/Muestra-amb_A-06-1-768x768.jpg 768w, https:\/\/www.animafestival.com.ar\/current\/files\/2024\/10\/Muestra-amb_A-06-1-400x400.jpg 400w, https:\/\/www.animafestival.com.ar\/current\/files\/2024\/10\/Muestra-amb_A-06-1-100x100.jpg 100w, https:\/\/www.animafestival.com.ar\/current\/files\/2024\/10\/Muestra-amb_A-06-1.jpg 1080w\" sizes=\"(max-width: 540px) 100vw, 540px\" \/><\/figure>\n\n\n\n<p><strong>Muestra de formaci\u00f3n<br><\/strong><em>Formation showcase<\/em><\/p>\n\n\n\n<figure class=\"wp-block-gallery has-nested-images columns-default is-cropped wp-block-gallery-3 is-layout-flex wp-block-gallery-is-layout-flex\">\n<figure class=\"wp-block-image size-large\"><img loading=\"lazy\" decoding=\"async\" width=\"366\" height=\"540\" data-id=\"3754\" src=\"https:\/\/www.animafestival.com.ar\/current\/files\/2024\/10\/Programa-Formacion-1-1-366x540.jpg\" alt=\"\" class=\"wp-image-3754\" srcset=\"https:\/\/www.animafestival.com.ar\/current\/files\/2024\/10\/Programa-Formacion-1-1-366x540.jpg 366w, https:\/\/www.animafestival.com.ar\/current\/files\/2024\/10\/Programa-Formacion-1-1-102x150.jpg 102w, https:\/\/www.animafestival.com.ar\/current\/files\/2024\/10\/Programa-Formacion-1-1-51x75.jpg 51w, https:\/\/www.animafestival.com.ar\/current\/files\/2024\/10\/Programa-Formacion-1-1-768x1133.jpg 768w, https:\/\/www.animafestival.com.ar\/current\/files\/2024\/10\/Programa-Formacion-1-1-1042x1536.jpg 1042w, https:\/\/www.animafestival.com.ar\/current\/files\/2024\/10\/Programa-Formacion-1-1.jpg 1300w\" sizes=\"(max-width: 366px) 100vw, 366px\" \/><\/figure>\n\n\n\n<figure class=\"wp-block-image size-large\"><img loading=\"lazy\" decoding=\"async\" width=\"346\" height=\"540\" data-id=\"3753\" src=\"https:\/\/www.animafestival.com.ar\/current\/files\/2024\/10\/Programa-Formacion-2-1-346x540.jpg\" alt=\"\" class=\"wp-image-3753\" srcset=\"https:\/\/www.animafestival.com.ar\/current\/files\/2024\/10\/Programa-Formacion-2-1-346x540.jpg 346w, https:\/\/www.animafestival.com.ar\/current\/files\/2024\/10\/Programa-Formacion-2-1-96x150.jpg 96w, https:\/\/www.animafestival.com.ar\/current\/files\/2024\/10\/Programa-Formacion-2-1-48x75.jpg 48w, https:\/\/www.animafestival.com.ar\/current\/files\/2024\/10\/Programa-Formacion-2-1-768x1199.jpg 768w, https:\/\/www.animafestival.com.ar\/current\/files\/2024\/10\/Programa-Formacion-2-1-984x1536.jpg 984w, https:\/\/www.animafestival.com.ar\/current\/files\/2024\/10\/Programa-Formacion-2-1.jpg 1300w\" sizes=\"(max-width: 346px) 100vw, 346px\" \/><\/figure>\n<\/figure>\n\n\n\n<p><\/p>\n\n\n\n<p><strong>Muestra de graduaci\u00f3n<br><\/strong><em>Graduation<\/em><em> showcase<\/em><\/p>\n\n\n\n<figure class=\"wp-block-gallery has-nested-images columns-default is-cropped wp-block-gallery-4 is-layout-flex wp-block-gallery-is-layout-flex\">\n<figure class=\"wp-block-image size-large\"><img loading=\"lazy\" decoding=\"async\" width=\"345\" height=\"540\" data-id=\"3756\" src=\"https:\/\/www.animafestival.com.ar\/current\/files\/2024\/10\/Programa-Graduacion-1-345x540.jpg\" alt=\"\" class=\"wp-image-3756\" srcset=\"https:\/\/www.animafestival.com.ar\/current\/files\/2024\/10\/Programa-Graduacion-1-345x540.jpg 345w, https:\/\/www.animafestival.com.ar\/current\/files\/2024\/10\/Programa-Graduacion-1-96x150.jpg 96w, https:\/\/www.animafestival.com.ar\/current\/files\/2024\/10\/Programa-Graduacion-1-48x75.jpg 48w, https:\/\/www.animafestival.com.ar\/current\/files\/2024\/10\/Programa-Graduacion-1-768x1202.jpg 768w, https:\/\/www.animafestival.com.ar\/current\/files\/2024\/10\/Programa-Graduacion-1-981x1536.jpg 981w, https:\/\/www.animafestival.com.ar\/current\/files\/2024\/10\/Programa-Graduacion-1.jpg 1300w\" sizes=\"(max-width: 345px) 100vw, 345px\" \/><\/figure>\n\n\n\n<figure class=\"wp-block-image size-large\"><img loading=\"lazy\" decoding=\"async\" width=\"375\" height=\"540\" data-id=\"3757\" src=\"https:\/\/www.animafestival.com.ar\/current\/files\/2024\/10\/Programa-Graduacion-2-375x540.jpg\" alt=\"\" class=\"wp-image-3757\" srcset=\"https:\/\/www.animafestival.com.ar\/current\/files\/2024\/10\/Programa-Graduacion-2-375x540.jpg 375w, https:\/\/www.animafestival.com.ar\/current\/files\/2024\/10\/Programa-Graduacion-2-104x150.jpg 104w, https:\/\/www.animafestival.com.ar\/current\/files\/2024\/10\/Programa-Graduacion-2-52x75.jpg 52w, https:\/\/www.animafestival.com.ar\/current\/files\/2024\/10\/Programa-Graduacion-2-768x1105.jpg 768w, https:\/\/www.animafestival.com.ar\/current\/files\/2024\/10\/Programa-Graduacion-2-1068x1536.jpg 1068w, https:\/\/www.animafestival.com.ar\/current\/files\/2024\/10\/Programa-Graduacion-2.jpg 1300w\" sizes=\"(max-width: 375px) 100vw, 375px\" \/><\/figure>\n<\/figure>\n\n\n\n<figure class=\"wp-block-gallery has-nested-images columns-default is-cropped wp-block-gallery-5 is-layout-flex wp-block-gallery-is-layout-flex\">\n<figure class=\"wp-block-image size-large\"><img loading=\"lazy\" decoding=\"async\" width=\"335\" height=\"540\" data-id=\"3762\" src=\"https:\/\/www.animafestival.com.ar\/current\/files\/2024\/10\/Programa-Graduacion-3-1-335x540.jpg\" alt=\"\" class=\"wp-image-3762\" srcset=\"https:\/\/www.animafestival.com.ar\/current\/files\/2024\/10\/Programa-Graduacion-3-1-335x540.jpg 335w, https:\/\/www.animafestival.com.ar\/current\/files\/2024\/10\/Programa-Graduacion-3-1-93x150.jpg 93w, https:\/\/www.animafestival.com.ar\/current\/files\/2024\/10\/Programa-Graduacion-3-1-47x75.jpg 47w, https:\/\/www.animafestival.com.ar\/current\/files\/2024\/10\/Programa-Graduacion-3-1-768x1237.jpg 768w, https:\/\/www.animafestival.com.ar\/current\/files\/2024\/10\/Programa-Graduacion-3-1-954x1536.jpg 954w, https:\/\/www.animafestival.com.ar\/current\/files\/2024\/10\/Programa-Graduacion-3-1-1271x2048.jpg 1271w, https:\/\/www.animafestival.com.ar\/current\/files\/2024\/10\/Programa-Graduacion-3-1.jpg 1300w\" sizes=\"(max-width: 335px) 100vw, 335px\" \/><\/figure>\n\n\n\n<figure class=\"wp-block-image size-large\"><img loading=\"lazy\" decoding=\"async\" width=\"319\" height=\"540\" data-id=\"3761\" src=\"https:\/\/www.animafestival.com.ar\/current\/files\/2024\/10\/Programa-Graduacion-4-3-319x540.jpg\" alt=\"\" class=\"wp-image-3761\" srcset=\"https:\/\/www.animafestival.com.ar\/current\/files\/2024\/10\/Programa-Graduacion-4-3-319x540.jpg 319w, https:\/\/www.animafestival.com.ar\/current\/files\/2024\/10\/Programa-Graduacion-4-3-89x150.jpg 89w, https:\/\/www.animafestival.com.ar\/current\/files\/2024\/10\/Programa-Graduacion-4-3-44x75.jpg 44w, https:\/\/www.animafestival.com.ar\/current\/files\/2024\/10\/Programa-Graduacion-4-3-768x1300.jpg 768w, https:\/\/www.animafestival.com.ar\/current\/files\/2024\/10\/Programa-Graduacion-4-3-908x1536.jpg 908w, https:\/\/www.animafestival.com.ar\/current\/files\/2024\/10\/Programa-Graduacion-4-3-1210x2048.jpg 1210w, https:\/\/www.animafestival.com.ar\/current\/files\/2024\/10\/Programa-Graduacion-4-3.jpg 1300w\" sizes=\"(max-width: 319px) 100vw, 319px\" \/><\/figure>\n<\/figure>\n\n\n\n<p><\/p>\n\n\n\n<p><strong>Muestra de panorama<br><\/strong><em>Panorama<\/em><em> showcase<\/em><\/p>\n\n\n\n<figure class=\"wp-block-gallery has-nested-images columns-default is-cropped wp-block-gallery-6 is-layout-flex wp-block-gallery-is-layout-flex\">\n<figure class=\"wp-block-image size-large\"><img loading=\"lazy\" decoding=\"async\" width=\"328\" height=\"540\" data-id=\"3764\" src=\"https:\/\/www.animafestival.com.ar\/current\/files\/2024\/10\/Programa-Panorama-1-328x540.jpg\" alt=\"\" class=\"wp-image-3764\" srcset=\"https:\/\/www.animafestival.com.ar\/current\/files\/2024\/10\/Programa-Panorama-1-328x540.jpg 328w, https:\/\/www.animafestival.com.ar\/current\/files\/2024\/10\/Programa-Panorama-1-91x150.jpg 91w, https:\/\/www.animafestival.com.ar\/current\/files\/2024\/10\/Programa-Panorama-1-46x75.jpg 46w, https:\/\/www.animafestival.com.ar\/current\/files\/2024\/10\/Programa-Panorama-1-768x1263.jpg 768w, https:\/\/www.animafestival.com.ar\/current\/files\/2024\/10\/Programa-Panorama-1-934x1536.jpg 934w, https:\/\/www.animafestival.com.ar\/current\/files\/2024\/10\/Programa-Panorama-1-1245x2048.jpg 1245w, https:\/\/www.animafestival.com.ar\/current\/files\/2024\/10\/Programa-Panorama-1.jpg 1300w\" sizes=\"(max-width: 328px) 100vw, 328px\" \/><\/figure>\n\n\n\n<figure class=\"wp-block-image size-large\"><img loading=\"lazy\" decoding=\"async\" width=\"365\" height=\"540\" data-id=\"3763\" src=\"https:\/\/www.animafestival.com.ar\/current\/files\/2024\/10\/Programa-Panorama-2-365x540.jpg\" alt=\"\" class=\"wp-image-3763\" srcset=\"https:\/\/www.animafestival.com.ar\/current\/files\/2024\/10\/Programa-Panorama-2-365x540.jpg 365w, https:\/\/www.animafestival.com.ar\/current\/files\/2024\/10\/Programa-Panorama-2-101x150.jpg 101w, https:\/\/www.animafestival.com.ar\/current\/files\/2024\/10\/Programa-Panorama-2-51x75.jpg 51w, https:\/\/www.animafestival.com.ar\/current\/files\/2024\/10\/Programa-Panorama-2-768x1135.jpg 768w, https:\/\/www.animafestival.com.ar\/current\/files\/2024\/10\/Programa-Panorama-2-1039x1536.jpg 1039w, https:\/\/www.animafestival.com.ar\/current\/files\/2024\/10\/Programa-Panorama-2.jpg 1300w\" sizes=\"(max-width: 365px) 100vw, 365px\" \/><\/figure>\n<\/figure>\n\n\n\n<figure class=\"wp-block-gallery has-nested-images columns-default is-cropped wp-block-gallery-7 is-layout-flex wp-block-gallery-is-layout-flex\">\n<figure class=\"wp-block-image size-large\"><img loading=\"lazy\" decoding=\"async\" width=\"328\" height=\"540\" data-id=\"3766\" src=\"https:\/\/www.animafestival.com.ar\/current\/files\/2024\/10\/Programa-Panorama-3-328x540.jpg\" alt=\"\" class=\"wp-image-3766\" srcset=\"https:\/\/www.animafestival.com.ar\/current\/files\/2024\/10\/Programa-Panorama-3-328x540.jpg 328w, https:\/\/www.animafestival.com.ar\/current\/files\/2024\/10\/Programa-Panorama-3-91x150.jpg 91w, https:\/\/www.animafestival.com.ar\/current\/files\/2024\/10\/Programa-Panorama-3-46x75.jpg 46w, https:\/\/www.animafestival.com.ar\/current\/files\/2024\/10\/Programa-Panorama-3-768x1265.jpg 768w, https:\/\/www.animafestival.com.ar\/current\/files\/2024\/10\/Programa-Panorama-3-933x1536.jpg 933w, https:\/\/www.animafestival.com.ar\/current\/files\/2024\/10\/Programa-Panorama-3-1244x2048.jpg 1244w, https:\/\/www.animafestival.com.ar\/current\/files\/2024\/10\/Programa-Panorama-3.jpg 1300w\" sizes=\"(max-width: 328px) 100vw, 328px\" \/><\/figure>\n\n\n\n<figure class=\"wp-block-image size-large\"><img loading=\"lazy\" decoding=\"async\" width=\"336\" height=\"540\" data-id=\"3765\" src=\"https:\/\/www.animafestival.com.ar\/current\/files\/2024\/10\/Programa-Panorama-4-336x540.jpg\" alt=\"\" class=\"wp-image-3765\" srcset=\"https:\/\/www.animafestival.com.ar\/current\/files\/2024\/10\/Programa-Panorama-4-336x540.jpg 336w, https:\/\/www.animafestival.com.ar\/current\/files\/2024\/10\/Programa-Panorama-4-93x150.jpg 93w, https:\/\/www.animafestival.com.ar\/current\/files\/2024\/10\/Programa-Panorama-4-47x75.jpg 47w, https:\/\/www.animafestival.com.ar\/current\/files\/2024\/10\/Programa-Panorama-4-768x1235.jpg 768w, https:\/\/www.animafestival.com.ar\/current\/files\/2024\/10\/Programa-Panorama-4-955x1536.jpg 955w, https:\/\/www.animafestival.com.ar\/current\/files\/2024\/10\/Programa-Panorama-4-1274x2048.jpg 1274w, https:\/\/www.animafestival.com.ar\/current\/files\/2024\/10\/Programa-Panorama-4.jpg 1300w\" sizes=\"(max-width: 336px) 100vw, 336px\" \/><\/figure>\n<\/figure>\n","protected":false},"excerpt":{"rendered":"<p>Muestra ambientalEnvironmental showcase ANIMA realiza una retrospectiva de animaciones argentinas que abordan, desde m\u00faltiples propuestas est\u00e9ticas y narrativas, una mirada cr\u00edtica y sensible sobre el ambiente, las memorias y los imaginarios de nuestros territorios. Estos cortometrajes se destacan por poner en relieve las identidades regionales, por contar historias que nos advierten sobre problemas que afectan [&hellip;]<\/p>\n","protected":false},"author":18,"featured_media":0,"comment_status":"closed","ping_status":"closed","sticky":false,"template":"","format":"standard","meta":{"footnotes":""},"categories":[1],"tags":[29,67,86,59,34],"class_list":["post-3749","post","type-post","status-publish","format-standard","hentry","category-sin-categoria","tag-competencia","tag-competencia-internacional","tag-cortometrajes","tag-no-competitiva","tag-programacion"],"_links":{"self":[{"href":"https:\/\/www.animafestival.com.ar\/current\/wp-json\/wp\/v2\/posts\/3749","targetHints":{"allow":["GET"]}}],"collection":[{"href":"https:\/\/www.animafestival.com.ar\/current\/wp-json\/wp\/v2\/posts"}],"about":[{"href":"https:\/\/www.animafestival.com.ar\/current\/wp-json\/wp\/v2\/types\/post"}],"author":[{"embeddable":true,"href":"https:\/\/www.animafestival.com.ar\/current\/wp-json\/wp\/v2\/users\/18"}],"replies":[{"embeddable":true,"href":"https:\/\/www.animafestival.com.ar\/current\/wp-json\/wp\/v2\/comments?post=3749"}],"version-history":[{"count":1,"href":"https:\/\/www.animafestival.com.ar\/current\/wp-json\/wp\/v2\/posts\/3749\/revisions"}],"predecessor-version":[{"id":3775,"href":"https:\/\/www.animafestival.com.ar\/current\/wp-json\/wp\/v2\/posts\/3749\/revisions\/3775"}],"wp:attachment":[{"href":"https:\/\/www.animafestival.com.ar\/current\/wp-json\/wp\/v2\/media?parent=3749"}],"wp:term":[{"taxonomy":"category","embeddable":true,"href":"https:\/\/www.animafestival.com.ar\/current\/wp-json\/wp\/v2\/categories?post=3749"},{"taxonomy":"post_tag","embeddable":true,"href":"https:\/\/www.animafestival.com.ar\/current\/wp-json\/wp\/v2\/tags?post=3749"}],"curies":[{"name":"wp","href":"https:\/\/api.w.org\/{rel}","templated":true}]}}